{"id":5663,"date":"2022-04-28T08:51:11","date_gmt":"2022-04-28T07:51:11","guid":{"rendered":"http:\/\/fundaciocmjgodo.cat\/?p=5663\/"},"modified":"2022-04-28T08:54:27","modified_gmt":"2022-04-28T07:54:27","slug":"convocatoria-de-ayudas-de-2022","status":"publish","type":"post","link":"https:\/\/fundaciocmjgodo.cat\/es\/convocatoria-de-ayudas-de-2022\/","title":{"rendered":"Convocatoria de ayudas del 2022"},"content":{"rendered":"<p>La Fundaci\u00f3 Carmen i Mar\u00eda Jos\u00e9 God\u00f3 (Fundaci\u00f3 CMJ God\u00f3) hace p\u00fablico que, en cumplimiento de las previsiones estatutarias, ofrece ayudas para la realizaci\u00f3n de proyectos en los siguientes \u00e1mbitos de acci\u00f3n social:<\/p>\n<p>A.\tProtecci\u00f3n de la infancia y de la juventud en situaci\u00f3n de marginaci\u00f3n y riesgo.<br \/>\nB.\tApoyo asistencial y social a la infancia y a la juventud con minusval\u00edas f\u00edsicas o sensoriales.<br \/>\nC.\tAsistencia social de los ancianos e investigaci\u00f3n de las enfermedades m\u00e1s caracter\u00edsticas.<\/p>\n<p>Se prioriza la atenci\u00f3n de las necesidades b\u00e1sicas de las personas, la adecuaci\u00f3n o mejora de las infraestructuras para la prestaci\u00f3n de los servicios asistenciales, la adquisici\u00f3n de equipamientos y materiales para las actividades y los gastos de gesti\u00f3n del personal voluntario.<\/p>\n<p>La participaci\u00f3n en la selecci\u00f3n de las ayudas implica la total aceptaci\u00f3n de la siguientes BASES:<\/p>\n<p>1.\tLos recursos para distribuir son limitados. La participaci\u00f3n en la selecci\u00f3n no otorga ning\u00fan derecho al solicitante ni supone la obligaci\u00f3n de concesi\u00f3n a la Fundaci\u00f3n.<\/p>\n<p>2.\tLos solicitantes tienen que ser personas jur\u00eddicas sin \u00e1nimo de lucro, que ejercen sus funciones mayoritariamente en Catalu\u00f1a.<\/p>\n<p>3.\tLa Fundaci\u00f3n participar\u00e1 en un m\u00e1ximo del 30% del presupuesto total de cada proyecto seleccionado, el cual se tendr\u00e1 que realizar, seg\u00fan su naturaleza, o durante el a\u00f1o 2022 o a lo largo del curso 2022\/23. Puntualmente, se podr\u00e1 considerar un porcentaje diferente. En todo caso, podr\u00e1 el Patronato aprobar ayudas plurianuales, debidamente justificadas, y al margen de la convocatoria de ayudas.<\/p>\n<p>4.\tPara evaluar y seleccionar los proyectos, hay que presentar, de forma \u00edntegra y de una sola vez, la siguiente documentaci\u00f3n en formato electr\u00f3nico, fichero PDF:<\/p>\n<p>4.1.\tMemoria del proyecto a realizar, haciendo constar los objetivos, el presupuesto y los diferentes medios y su origen, con concreta referencia a la aportaci\u00f3n del voluntariado. Reflejando en el proyecto la cantidad que solicitan a nuestra Fundaci\u00f3n y a que gastos ir\u00e1 destinada.<br \/>\n4.2.\tCertificado vigente sobre el cumplimiento de las obligaciones registrales al pertinente Registro de entidades jur\u00eddicas de la Generalitat de Catalu\u00f1a (composici\u00f3n \u00f3rgano de gobierno, presentaci\u00f3n cuentas anuales).<br \/>\n4.3.\tEstar acogida al r\u00e9gimen fiscal especial del T\u00edtulo II de la Ley 49\/2002.<br \/>\n4.4.\tCertificados vigentes del cumplimiento actual de las obligaciones con la Hacienda p\u00fablica y con la Seguridad social.<br \/>\n4.5.\tCertificado del acuerdo del \u00f3rgano de gobierno o la persona con poderes suficientes de la entidad, aprobando la presentaci\u00f3n de la solicitud.<br \/>\n4.6.\tIdentificaci\u00f3n y acreditaci\u00f3n de titularidad de cuenta bancaria donde se abonar\u00e1n las ayudas.<br \/>\n4.7.\tDatos de contacto de la entidad solicitante, incluyendo un correo electr\u00f3nico.<\/p>\n<p>La no presentaci\u00f3n de cualquiera de estos documentos impedir\u00e1 considerar el proyecto en el proceso de selecci\u00f3n.<\/p>\n<p>5.\tLas entidades participantes recibir\u00e1n una comunicaci\u00f3n inform\u00e1ndoles de la concesi\u00f3n o no de la ayuda y, en su caso, de su importe, antes de la finalizaci\u00f3n del mes de julio.<\/p>\n<p>6.\tEl 30% de la ayuda ser\u00e1 desembolsada a partir de la comunicaci\u00f3n de la concesi\u00f3n y no m\u00e1s tarde del 30 de septiembre de 2022; y el restante 70% en uno abono atendiendo a la naturaleza del proyecto, previa justificaci\u00f3n de su ejecuci\u00f3n, la cual debe presentarse de forma inmediata a su realizaci\u00f3n y nunca m\u00e1s tarde del d\u00eda 30 de septiembre de 2023 mediante correo electr\u00f3nico dirigido a ajuts@fundaciocmjgodo.cat.<\/p>\n<p>7.\tLas entidades seleccionadas se obligan a justificar en su totalidad la ejecuci\u00f3n del proyecto en tiempo y en forma, as\u00ed como la certificaci\u00f3n bancaria del abono de las ayudas. Ser\u00e1 necesario incluir la justificaci\u00f3n de todo el proyecto completo, con hoja resumen por conceptos del total de los gastos, con todas las facturas, n\u00f3minas, recibos&#8230;), junto con una breve memoria explicativa.<\/p>\n<p>8.\tLa Fundaci\u00f3n reclamar\u00e1 el regreso de los desembolsos efectuados, en el caso de incumplimiento de estas obligaciones sin causa aceptable.<\/p>\n<p>9.\tReformulaci\u00f3n de las solicitudes. En caso de que el importe otorgado a las solicitudes de ayudas aprobadas provisionalmente sea inferior al importe solicitado en la instancia de solicitud, y siempre que esto afecte la ejecuci\u00f3n del proyecto, hay que presentar la reformulaci\u00f3n del proyecto de acuerdo con la disminuci\u00f3n de este importe. De no presentarse esta reformulaci\u00f3n, se tendr\u00e1 en cuenta el importe informado a la instancia de solicitud a la hora de valorar la justificaci\u00f3n del proyecto. <\/p>\n<p>10.\tLa Fundaci\u00f3n CMJ God\u00f3 podr\u00e1 hacer difusi\u00f3n de las caracter\u00edsticas b\u00e1sicas de los proyectos seleccionados desde los propios canales p\u00fablicos de comunicaci\u00f3n.<\/p>\n<p>11.\tEl Patronato de la Fundaci\u00f3n seleccionar\u00e1 los proyectos que mejor se adec\u00faen a sus finalidades estatutarias. Su decisi\u00f3n ser\u00e1 inapelable.<\/p>\n<p>Las solicitudes se dirigir\u00e1n al correo electr\u00f3nico de la Fundaci\u00f3n Carmen y M\u00aa Jos\u00e9 God\u00f3 ajuts@fundaciocmjgodo.cat, desde la publicaci\u00f3n de las presentes bases en la p\u00e1gina web de la Fundaci\u00f3n y hasta el d\u00eda 15 de junio de 2022.<\/p>\n<p>El Patronato de la Fundaci\u00f3 Carmen i M\u00aa Jos\u00e9 God\u00f3<\/p>\n<p>Barcelona, 22 de abril de 2022<\/p>\n","protected":false},"excerpt":{"rendered":"<p>La Fundaci\u00f3 Carmen i Mar\u00eda Jos\u00e9 God\u00f3 (Fundaci\u00f3 CMJ God\u00f3) hace p\u00fablico que, en cumplimiento de las previsiones estatutarias, ofrece ayudas para la realizaci\u00f3n de proyectos en los siguientes \u00e1mbitos de acci\u00f3n social: A. Protecci\u00f3n de la infancia y de la juventud en situaci\u00f3n de marginaci\u00f3n y riesgo. B. Apoyo asistencial y social a la [&hellip;]<\/p>\n","protected":false},"author":3,"featured_media":4513,"comment_status":"open","ping_status":"open","sticky":false,"template":"","format":"standard","meta":{"footnotes":""},"categories":[60],"tags":[],"class_list":["post-5663","post","type-post","status-publish","format-standard","has-post-thumbnail","hentry","category-sin-categorizar"],"yoast_head":"<!-- This site is optimized with the Yoast SEO plugin v27.4 - https:\/\/yoast.com\/product\/yoast-seo-wordpress\/ -->\n<title>Convocatoria de ayudas del 2022 - Fundaci\u00f3 CMJ God\u00f3<\/title>\n<meta name=\"robots\" content=\"index, follow, max-snippet:-1, max-image-preview:large, max-video-preview:-1\" \/>\n<link rel=\"canonical\" href=\"https:\/\/fundaciocmjgodo.cat\/es\/convocatoria-de-ayudas-de-2022\/\" \/>\n<meta property=\"og:locale\" content=\"es_ES\" \/>\n<meta property=\"og:type\" content=\"article\" \/>\n<meta property=\"og:title\" content=\"Convocatoria de ayudas del 2022 - Fundaci\u00f3 CMJ God\u00f3\" \/>\n<meta property=\"og:description\" content=\"La Fundaci\u00f3 Carmen i Mar\u00eda Jos\u00e9 God\u00f3 (Fundaci\u00f3 CMJ God\u00f3) hace p\u00fablico que, en cumplimiento de las previsiones estatutarias, ofrece ayudas para la realizaci\u00f3n de proyectos en los siguientes \u00e1mbitos de acci\u00f3n social: A. Protecci\u00f3n de la infancia y de la juventud en situaci\u00f3n de marginaci\u00f3n y riesgo. B. Apoyo asistencial y social a la [&hellip;]\" \/>\n<meta property=\"og:url\" content=\"https:\/\/fundaciocmjgodo.cat\/es\/convocatoria-de-ayudas-de-2022\/\" \/>\n<meta property=\"og:site_name\" content=\"Fundaci\u00f3 CMJ God\u00f3\" \/>\n<meta property=\"article:published_time\" content=\"2022-04-28T07:51:11+00:00\" \/>\n<meta property=\"article:modified_time\" content=\"2022-04-28T07:54:27+00:00\" \/>\n<meta property=\"og:image\" content=\"https:\/\/fundaciocmjgodo.cat\/wp-content\/uploads\/home-cmj-godo_5.jpg\" \/>\n\t<meta property=\"og:image:width\" content=\"2000\" \/>\n\t<meta property=\"og:image:height\" content=\"1333\" \/>\n\t<meta property=\"og:image:type\" content=\"image\/jpeg\" \/>\n<meta name=\"author\" content=\"cmjgodo\" \/>\n<meta name=\"twitter:card\" content=\"summary_large_image\" \/>\n<meta name=\"twitter:label1\" content=\"Escrito por\" \/>\n\t<meta name=\"twitter:data1\" content=\"cmjgodo\" \/>\n\t<meta name=\"twitter:label2\" content=\"Tiempo de lectura\" \/>\n\t<meta name=\"twitter:data2\" content=\"4 minutos\" \/>\n<script type=\"application\/ld+json\" class=\"yoast-schema-graph\">{\"@context\":\"https:\\\/\\\/schema.org\",\"@graph\":[{\"@type\":\"Article\",\"@id\":\"https:\\\/\\\/fundaciocmjgodo.cat\\\/es\\\/convocatoria-de-ayudas-de-2022\\\/#article\",\"isPartOf\":{\"@id\":\"https:\\\/\\\/fundaciocmjgodo.cat\\\/es\\\/convocatoria-de-ayudas-de-2022\\\/\"},\"author\":{\"name\":\"cmjgodo\",\"@id\":\"https:\\\/\\\/fundaciocmjgodo.cat\\\/#\\\/schema\\\/person\\\/2c2244d8dc77108351de267ea43ca912\"},\"headline\":\"Convocatoria de ayudas del 2022\",\"datePublished\":\"2022-04-28T07:51:11+00:00\",\"dateModified\":\"2022-04-28T07:54:27+00:00\",\"mainEntityOfPage\":{\"@id\":\"https:\\\/\\\/fundaciocmjgodo.cat\\\/es\\\/convocatoria-de-ayudas-de-2022\\\/\"},\"wordCount\":872,\"commentCount\":0,\"publisher\":{\"@id\":\"https:\\\/\\\/fundaciocmjgodo.cat\\\/#organization\"},\"image\":{\"@id\":\"https:\\\/\\\/fundaciocmjgodo.cat\\\/es\\\/convocatoria-de-ayudas-de-2022\\\/#primaryimage\"},\"thumbnailUrl\":\"https:\\\/\\\/fundaciocmjgodo.cat\\\/wp-content\\\/uploads\\\/home-cmj-godo_5.jpg\",\"articleSection\":[\"Sin categorizar\"],\"inLanguage\":\"es\",\"potentialAction\":[{\"@type\":\"CommentAction\",\"name\":\"Comment\",\"target\":[\"https:\\\/\\\/fundaciocmjgodo.cat\\\/es\\\/convocatoria-de-ayudas-de-2022\\\/#respond\"]}]},{\"@type\":\"WebPage\",\"@id\":\"https:\\\/\\\/fundaciocmjgodo.cat\\\/es\\\/convocatoria-de-ayudas-de-2022\\\/\",\"url\":\"https:\\\/\\\/fundaciocmjgodo.cat\\\/es\\\/convocatoria-de-ayudas-de-2022\\\/\",\"name\":\"Convocatoria de ayudas del 2022 - Fundaci\u00f3 CMJ God\u00f3\",\"isPartOf\":{\"@id\":\"https:\\\/\\\/fundaciocmjgodo.cat\\\/#website\"},\"primaryImageOfPage\":{\"@id\":\"https:\\\/\\\/fundaciocmjgodo.cat\\\/es\\\/convocatoria-de-ayudas-de-2022\\\/#primaryimage\"},\"image\":{\"@id\":\"https:\\\/\\\/fundaciocmjgodo.cat\\\/es\\\/convocatoria-de-ayudas-de-2022\\\/#primaryimage\"},\"thumbnailUrl\":\"https:\\\/\\\/fundaciocmjgodo.cat\\\/wp-content\\\/uploads\\\/home-cmj-godo_5.jpg\",\"datePublished\":\"2022-04-28T07:51:11+00:00\",\"dateModified\":\"2022-04-28T07:54:27+00:00\",\"breadcrumb\":{\"@id\":\"https:\\\/\\\/fundaciocmjgodo.cat\\\/es\\\/convocatoria-de-ayudas-de-2022\\\/#breadcrumb\"},\"inLanguage\":\"es\",\"potentialAction\":[{\"@type\":\"ReadAction\",\"target\":[\"https:\\\/\\\/fundaciocmjgodo.cat\\\/es\\\/convocatoria-de-ayudas-de-2022\\\/\"]}]},{\"@type\":\"ImageObject\",\"inLanguage\":\"es\",\"@id\":\"https:\\\/\\\/fundaciocmjgodo.cat\\\/es\\\/convocatoria-de-ayudas-de-2022\\\/#primaryimage\",\"url\":\"https:\\\/\\\/fundaciocmjgodo.cat\\\/wp-content\\\/uploads\\\/home-cmj-godo_5.jpg\",\"contentUrl\":\"https:\\\/\\\/fundaciocmjgodo.cat\\\/wp-content\\\/uploads\\\/home-cmj-godo_5.jpg\",\"width\":2000,\"height\":1333},{\"@type\":\"BreadcrumbList\",\"@id\":\"https:\\\/\\\/fundaciocmjgodo.cat\\\/es\\\/convocatoria-de-ayudas-de-2022\\\/#breadcrumb\",\"itemListElement\":[{\"@type\":\"ListItem\",\"position\":1,\"name\":\"Inici\",\"item\":\"https:\\\/\\\/fundaciocmjgodo.cat\\\/es\\\/inici\\\/\"},{\"@type\":\"ListItem\",\"position\":2,\"name\":\"Convocatoria de ayudas del 2022\"}]},{\"@type\":\"WebSite\",\"@id\":\"https:\\\/\\\/fundaciocmjgodo.cat\\\/#website\",\"url\":\"https:\\\/\\\/fundaciocmjgodo.cat\\\/\",\"name\":\"Fundaci\u00f3 CMJ God\u00f3\",\"description\":\"\",\"publisher\":{\"@id\":\"https:\\\/\\\/fundaciocmjgodo.cat\\\/#organization\"},\"potentialAction\":[{\"@type\":\"SearchAction\",\"target\":{\"@type\":\"EntryPoint\",\"urlTemplate\":\"https:\\\/\\\/fundaciocmjgodo.cat\\\/?s={search_term_string}\"},\"query-input\":{\"@type\":\"PropertyValueSpecification\",\"valueRequired\":true,\"valueName\":\"search_term_string\"}}],\"inLanguage\":\"es\"},{\"@type\":\"Organization\",\"@id\":\"https:\\\/\\\/fundaciocmjgodo.cat\\\/#organization\",\"name\":\"Fundaci\u00f3 CMJ God\u00f3\",\"url\":\"https:\\\/\\\/fundaciocmjgodo.cat\\\/\",\"logo\":{\"@type\":\"ImageObject\",\"inLanguage\":\"es\",\"@id\":\"https:\\\/\\\/fundaciocmjgodo.cat\\\/#\\\/schema\\\/logo\\\/image\\\/\",\"url\":\"https:\\\/\\\/fundaciocmjgodo.cat\\\/wp-content\\\/uploads\\\/Logo-RGB-web.jpg\",\"contentUrl\":\"https:\\\/\\\/fundaciocmjgodo.cat\\\/wp-content\\\/uploads\\\/Logo-RGB-web.jpg\",\"width\":2000,\"height\":2000,\"caption\":\"Fundaci\u00f3 CMJ God\u00f3\"},\"image\":{\"@id\":\"https:\\\/\\\/fundaciocmjgodo.cat\\\/#\\\/schema\\\/logo\\\/image\\\/\"}},{\"@type\":\"Person\",\"@id\":\"https:\\\/\\\/fundaciocmjgodo.cat\\\/#\\\/schema\\\/person\\\/2c2244d8dc77108351de267ea43ca912\",\"name\":\"cmjgodo\",\"image\":{\"@type\":\"ImageObject\",\"inLanguage\":\"es\",\"@id\":\"https:\\\/\\\/secure.gravatar.com\\\/avatar\\\/f815ec9cc5f1197a97c0438e286c2829ee1964ef59e703fb4a89981c62c41dde?s=96&d=mm&r=g\",\"url\":\"https:\\\/\\\/secure.gravatar.com\\\/avatar\\\/f815ec9cc5f1197a97c0438e286c2829ee1964ef59e703fb4a89981c62c41dde?s=96&d=mm&r=g\",\"contentUrl\":\"https:\\\/\\\/secure.gravatar.com\\\/avatar\\\/f815ec9cc5f1197a97c0438e286c2829ee1964ef59e703fb4a89981c62c41dde?s=96&d=mm&r=g\",\"caption\":\"cmjgodo\"},\"url\":\"https:\\\/\\\/fundaciocmjgodo.cat\\\/es\\\/author\\\/cmjgodo\\\/\"}]}<\/script>\n<!-- \/ Yoast SEO plugin. -->","yoast_head_json":{"title":"Convocatoria de ayudas del 2022 - Fundaci\u00f3 CMJ God\u00f3","robots":{"index":"index","follow":"follow","max-snippet":"max-snippet:-1","max-image-preview":"max-image-preview:large","max-video-preview":"max-video-preview:-1"},"canonical":"https:\/\/fundaciocmjgodo.cat\/es\/convocatoria-de-ayudas-de-2022\/","og_locale":"es_ES","og_type":"article","og_title":"Convocatoria de ayudas del 2022 - Fundaci\u00f3 CMJ God\u00f3","og_description":"La Fundaci\u00f3 Carmen i Mar\u00eda Jos\u00e9 God\u00f3 (Fundaci\u00f3 CMJ God\u00f3) hace p\u00fablico que, en cumplimiento de las previsiones estatutarias, ofrece ayudas para la realizaci\u00f3n de proyectos en los siguientes \u00e1mbitos de acci\u00f3n social: A. Protecci\u00f3n de la infancia y de la juventud en situaci\u00f3n de marginaci\u00f3n y riesgo. B. Apoyo asistencial y social a la [&hellip;]","og_url":"https:\/\/fundaciocmjgodo.cat\/es\/convocatoria-de-ayudas-de-2022\/","og_site_name":"Fundaci\u00f3 CMJ God\u00f3","article_published_time":"2022-04-28T07:51:11+00:00","article_modified_time":"2022-04-28T07:54:27+00:00","og_image":[{"width":2000,"height":1333,"url":"https:\/\/fundaciocmjgodo.cat\/wp-content\/uploads\/home-cmj-godo_5.jpg","type":"image\/jpeg"}],"author":"cmjgodo","twitter_card":"summary_large_image","twitter_misc":{"Escrito por":"cmjgodo","Tiempo de lectura":"4 minutos"},"schema":{"@context":"https:\/\/schema.org","@graph":[{"@type":"Article","@id":"https:\/\/fundaciocmjgodo.cat\/es\/convocatoria-de-ayudas-de-2022\/#article","isPartOf":{"@id":"https:\/\/fundaciocmjgodo.cat\/es\/convocatoria-de-ayudas-de-2022\/"},"author":{"name":"cmjgodo","@id":"https:\/\/fundaciocmjgodo.cat\/#\/schema\/person\/2c2244d8dc77108351de267ea43ca912"},"headline":"Convocatoria de ayudas del 2022","datePublished":"2022-04-28T07:51:11+00:00","dateModified":"2022-04-28T07:54:27+00:00","mainEntityOfPage":{"@id":"https:\/\/fundaciocmjgodo.cat\/es\/convocatoria-de-ayudas-de-2022\/"},"wordCount":872,"commentCount":0,"publisher":{"@id":"https:\/\/fundaciocmjgodo.cat\/#organization"},"image":{"@id":"https:\/\/fundaciocmjgodo.cat\/es\/convocatoria-de-ayudas-de-2022\/#primaryimage"},"thumbnailUrl":"https:\/\/fundaciocmjgodo.cat\/wp-content\/uploads\/home-cmj-godo_5.jpg","articleSection":["Sin categorizar"],"inLanguage":"es","potentialAction":[{"@type":"CommentAction","name":"Comment","target":["https:\/\/fundaciocmjgodo.cat\/es\/convocatoria-de-ayudas-de-2022\/#respond"]}]},{"@type":"WebPage","@id":"https:\/\/fundaciocmjgodo.cat\/es\/convocatoria-de-ayudas-de-2022\/","url":"https:\/\/fundaciocmjgodo.cat\/es\/convocatoria-de-ayudas-de-2022\/","name":"Convocatoria de ayudas del 2022 - Fundaci\u00f3 CMJ God\u00f3","isPartOf":{"@id":"https:\/\/fundaciocmjgodo.cat\/#website"},"primaryImageOfPage":{"@id":"https:\/\/fundaciocmjgodo.cat\/es\/convocatoria-de-ayudas-de-2022\/#primaryimage"},"image":{"@id":"https:\/\/fundaciocmjgodo.cat\/es\/convocatoria-de-ayudas-de-2022\/#primaryimage"},"thumbnailUrl":"https:\/\/fundaciocmjgodo.cat\/wp-content\/uploads\/home-cmj-godo_5.jpg","datePublished":"2022-04-28T07:51:11+00:00","dateModified":"2022-04-28T07:54:27+00:00","breadcrumb":{"@id":"https:\/\/fundaciocmjgodo.cat\/es\/convocatoria-de-ayudas-de-2022\/#breadcrumb"},"inLanguage":"es","potentialAction":[{"@type":"ReadAction","target":["https:\/\/fundaciocmjgodo.cat\/es\/convocatoria-de-ayudas-de-2022\/"]}]},{"@type":"ImageObject","inLanguage":"es","@id":"https:\/\/fundaciocmjgodo.cat\/es\/convocatoria-de-ayudas-de-2022\/#primaryimage","url":"https:\/\/fundaciocmjgodo.cat\/wp-content\/uploads\/home-cmj-godo_5.jpg","contentUrl":"https:\/\/fundaciocmjgodo.cat\/wp-content\/uploads\/home-cmj-godo_5.jpg","width":2000,"height":1333},{"@type":"BreadcrumbList","@id":"https:\/\/fundaciocmjgodo.cat\/es\/convocatoria-de-ayudas-de-2022\/#breadcrumb","itemListElement":[{"@type":"ListItem","position":1,"name":"Inici","item":"https:\/\/fundaciocmjgodo.cat\/es\/inici\/"},{"@type":"ListItem","position":2,"name":"Convocatoria de ayudas del 2022"}]},{"@type":"WebSite","@id":"https:\/\/fundaciocmjgodo.cat\/#website","url":"https:\/\/fundaciocmjgodo.cat\/","name":"Fundaci\u00f3 CMJ God\u00f3","description":"","publisher":{"@id":"https:\/\/fundaciocmjgodo.cat\/#organization"},"potentialAction":[{"@type":"SearchAction","target":{"@type":"EntryPoint","urlTemplate":"https:\/\/fundaciocmjgodo.cat\/?s={search_term_string}"},"query-input":{"@type":"PropertyValueSpecification","valueRequired":true,"valueName":"search_term_string"}}],"inLanguage":"es"},{"@type":"Organization","@id":"https:\/\/fundaciocmjgodo.cat\/#organization","name":"Fundaci\u00f3 CMJ God\u00f3","url":"https:\/\/fundaciocmjgodo.cat\/","logo":{"@type":"ImageObject","inLanguage":"es","@id":"https:\/\/fundaciocmjgodo.cat\/#\/schema\/logo\/image\/","url":"https:\/\/fundaciocmjgodo.cat\/wp-content\/uploads\/Logo-RGB-web.jpg","contentUrl":"https:\/\/fundaciocmjgodo.cat\/wp-content\/uploads\/Logo-RGB-web.jpg","width":2000,"height":2000,"caption":"Fundaci\u00f3 CMJ God\u00f3"},"image":{"@id":"https:\/\/fundaciocmjgodo.cat\/#\/schema\/logo\/image\/"}},{"@type":"Person","@id":"https:\/\/fundaciocmjgodo.cat\/#\/schema\/person\/2c2244d8dc77108351de267ea43ca912","name":"cmjgodo","image":{"@type":"ImageObject","inLanguage":"es","@id":"https:\/\/secure.gravatar.com\/avatar\/f815ec9cc5f1197a97c0438e286c2829ee1964ef59e703fb4a89981c62c41dde?s=96&d=mm&r=g","url":"https:\/\/secure.gravatar.com\/avatar\/f815ec9cc5f1197a97c0438e286c2829ee1964ef59e703fb4a89981c62c41dde?s=96&d=mm&r=g","contentUrl":"https:\/\/secure.gravatar.com\/avatar\/f815ec9cc5f1197a97c0438e286c2829ee1964ef59e703fb4a89981c62c41dde?s=96&d=mm&r=g","caption":"cmjgodo"},"url":"https:\/\/fundaciocmjgodo.cat\/es\/author\/cmjgodo\/"}]}},"_links":{"self":[{"href":"https:\/\/fundaciocmjgodo.cat\/es\/wp-json\/wp\/v2\/posts\/5663","targetHints":{"allow":["GET"]}}],"collection":[{"href":"https:\/\/fundaciocmjgodo.cat\/es\/wp-json\/wp\/v2\/posts"}],"about":[{"href":"https:\/\/fundaciocmjgodo.cat\/es\/wp-json\/wp\/v2\/types\/post"}],"author":[{"embeddable":true,"href":"https:\/\/fundaciocmjgodo.cat\/es\/wp-json\/wp\/v2\/users\/3"}],"replies":[{"embeddable":true,"href":"https:\/\/fundaciocmjgodo.cat\/es\/wp-json\/wp\/v2\/comments?post=5663"}],"version-history":[{"count":5,"href":"https:\/\/fundaciocmjgodo.cat\/es\/wp-json\/wp\/v2\/posts\/5663\/revisions"}],"predecessor-version":[{"id":5668,"href":"https:\/\/fundaciocmjgodo.cat\/es\/wp-json\/wp\/v2\/posts\/5663\/revisions\/5668"}],"wp:featuredmedia":[{"embeddable":true,"href":"https:\/\/fundaciocmjgodo.cat\/es\/wp-json\/wp\/v2\/media\/4513"}],"wp:attachment":[{"href":"https:\/\/fundaciocmjgodo.cat\/es\/wp-json\/wp\/v2\/media?parent=5663"}],"wp:term":[{"taxonomy":"category","embeddable":true,"href":"https:\/\/fundaciocmjgodo.cat\/es\/wp-json\/wp\/v2\/categories?post=5663"},{"taxonomy":"post_tag","embeddable":true,"href":"https:\/\/fundaciocmjgodo.cat\/es\/wp-json\/wp\/v2\/tags?post=5663"}],"curies":[{"name":"wp","href":"https:\/\/api.w.org\/{rel}","templated":true}]}}