{"id":6043,"date":"2026-02-19T18:04:01","date_gmt":"2026-02-19T17:04:01","guid":{"rendered":"https:\/\/fundaciocmjgodo.cat\/renuncia-de-vocal-del-patronato\/"},"modified":"2026-02-19T18:04:02","modified_gmt":"2026-02-19T17:04:02","slug":"renuncia-de-vocal-del-patronato","status":"publish","type":"post","link":"https:\/\/fundaciocmjgodo.cat\/es\/renuncia-de-vocal-del-patronato\/","title":{"rendered":"Renuncia de vocal del Patronato"},"content":{"rendered":"\n<p>El 22 de diciembre de 2025, el patronato de la Fundaci\u00f3n celebr\u00f3 reuni\u00f3n con la asistencia de todos sus miembros. <br\/>El presidente inform\u00f3 de la renuncia de la Sra. Mar\u00eda Julia Prats Moreno al cargo de vocal. <br\/>La decisi\u00f3n responde a motivos estrictamente profesionales que implican su traslado de residencia al extranjero. <br\/>Esta circunstancia le impide cumplir adecuadamente con las funciones inherentes a su cargo. <br\/>El patronato acepta su renuncia y deja constancia de su sincero agradecimiento por los servicios prestados. <br\/>Durante su mandato, la Sra. Prats contribuy\u00f3 de forma relevante al cumplimiento de los fines fundacionales. Destac\u00f3 por su compromiso, rigor profesional y valiosas aportaciones. <br\/>El patronato manifiesta su comprensi\u00f3n ante los motivos expuestos. Asimismo, le desea el mayor de los \u00e9xitos en su nueva etapa profesional y personal.<\/p>\n","protected":false},"excerpt":{"rendered":"<p>El 22 de diciembre de 2025, el patronato de la Fundaci\u00f3n celebr\u00f3 reuni\u00f3n con la asistencia de todos sus miembros. El presidente inform\u00f3 de la renuncia de la Sra. Mar\u00eda Julia Prats Moreno al cargo de vocal. La decisi\u00f3n responde a motivos estrictamente profesionales que implican su traslado de residencia al extranjero. Esta circunstancia le [&hellip;]<\/p>\n","protected":false},"author":4,"featured_media":6044,"comment_status":"open","ping_status":"open","sticky":false,"template":"","format":"standard","meta":{"footnotes":""},"categories":[60],"tags":[],"class_list":["post-6043","post","type-post","status-publish","format-standard","has-post-thumbnail","hentry","category-sin-categorizar"],"yoast_head":"<!-- This site is optimized with the Yoast SEO plugin v27.4 - https:\/\/yoast.com\/product\/yoast-seo-wordpress\/ -->\n<title>Renuncia de vocal del Patronato - Fundaci\u00f3 CMJ God\u00f3<\/title>\n<meta name=\"robots\" content=\"index, follow, max-snippet:-1, max-image-preview:large, max-video-preview:-1\" \/>\n<link rel=\"canonical\" href=\"https:\/\/fundaciocmjgodo.cat\/es\/renuncia-de-vocal-del-patronato\/\" \/>\n<meta property=\"og:locale\" content=\"es_ES\" \/>\n<meta property=\"og:type\" content=\"article\" \/>\n<meta property=\"og:title\" content=\"Renuncia de vocal del Patronato - Fundaci\u00f3 CMJ God\u00f3\" \/>\n<meta property=\"og:description\" content=\"El 22 de diciembre de 2025, el patronato de la Fundaci\u00f3n celebr\u00f3 reuni\u00f3n con la asistencia de todos sus miembros. El presidente inform\u00f3 de la renuncia de la Sra. Mar\u00eda Julia Prats Moreno al cargo de vocal. La decisi\u00f3n responde a motivos estrictamente profesionales que implican su traslado de residencia al extranjero. Esta circunstancia le [&hellip;]\" \/>\n<meta property=\"og:url\" content=\"https:\/\/fundaciocmjgodo.cat\/es\/renuncia-de-vocal-del-patronato\/\" \/>\n<meta property=\"og:site_name\" content=\"Fundaci\u00f3 CMJ God\u00f3\" \/>\n<meta property=\"article:published_time\" content=\"2026-02-19T17:04:01+00:00\" \/>\n<meta property=\"article:modified_time\" content=\"2026-02-19T17:04:02+00:00\" \/>\n<meta property=\"og:image\" content=\"https:\/\/fundaciocmjgodo.cat\/wp-content\/uploads\/muntaner-200-3.jpg\" \/>\n\t<meta property=\"og:image:width\" content=\"800\" \/>\n\t<meta property=\"og:image:height\" content=\"534\" \/>\n\t<meta property=\"og:image:type\" content=\"image\/jpeg\" \/>\n<meta name=\"author\" content=\"webmaster\" \/>\n<meta name=\"twitter:card\" content=\"summary_large_image\" \/>\n<meta name=\"twitter:label1\" content=\"Escrito por\" \/>\n\t<meta name=\"twitter:data1\" content=\"webmaster\" \/>\n\t<meta name=\"twitter:label2\" content=\"Tiempo de lectura\" \/>\n\t<meta name=\"twitter:data2\" content=\"1 minuto\" \/>\n<script type=\"application\/ld+json\" class=\"yoast-schema-graph\">{\"@context\":\"https:\\\/\\\/schema.org\",\"@graph\":[{\"@type\":\"Article\",\"@id\":\"https:\\\/\\\/fundaciocmjgodo.cat\\\/es\\\/renuncia-de-vocal-del-patronato\\\/#article\",\"isPartOf\":{\"@id\":\"https:\\\/\\\/fundaciocmjgodo.cat\\\/es\\\/renuncia-de-vocal-del-patronato\\\/\"},\"author\":{\"name\":\"webmaster\",\"@id\":\"https:\\\/\\\/fundaciocmjgodo.cat\\\/#\\\/schema\\\/person\\\/a436712fd8b5ad5a20c22a3bf126fa1c\"},\"headline\":\"Renuncia de vocal del Patronato\",\"datePublished\":\"2026-02-19T17:04:01+00:00\",\"dateModified\":\"2026-02-19T17:04:02+00:00\",\"mainEntityOfPage\":{\"@id\":\"https:\\\/\\\/fundaciocmjgodo.cat\\\/es\\\/renuncia-de-vocal-del-patronato\\\/\"},\"wordCount\":138,\"commentCount\":0,\"publisher\":{\"@id\":\"https:\\\/\\\/fundaciocmjgodo.cat\\\/#organization\"},\"image\":{\"@id\":\"https:\\\/\\\/fundaciocmjgodo.cat\\\/es\\\/renuncia-de-vocal-del-patronato\\\/#primaryimage\"},\"thumbnailUrl\":\"https:\\\/\\\/fundaciocmjgodo.cat\\\/wp-content\\\/uploads\\\/muntaner-200-3.jpg\",\"articleSection\":[\"Sin categorizar\"],\"inLanguage\":\"es\",\"potentialAction\":[{\"@type\":\"CommentAction\",\"name\":\"Comment\",\"target\":[\"https:\\\/\\\/fundaciocmjgodo.cat\\\/es\\\/renuncia-de-vocal-del-patronato\\\/#respond\"]}]},{\"@type\":\"WebPage\",\"@id\":\"https:\\\/\\\/fundaciocmjgodo.cat\\\/es\\\/renuncia-de-vocal-del-patronato\\\/\",\"url\":\"https:\\\/\\\/fundaciocmjgodo.cat\\\/es\\\/renuncia-de-vocal-del-patronato\\\/\",\"name\":\"Renuncia de vocal del Patronato - Fundaci\u00f3 CMJ God\u00f3\",\"isPartOf\":{\"@id\":\"https:\\\/\\\/fundaciocmjgodo.cat\\\/#website\"},\"primaryImageOfPage\":{\"@id\":\"https:\\\/\\\/fundaciocmjgodo.cat\\\/es\\\/renuncia-de-vocal-del-patronato\\\/#primaryimage\"},\"image\":{\"@id\":\"https:\\\/\\\/fundaciocmjgodo.cat\\\/es\\\/renuncia-de-vocal-del-patronato\\\/#primaryimage\"},\"thumbnailUrl\":\"https:\\\/\\\/fundaciocmjgodo.cat\\\/wp-content\\\/uploads\\\/muntaner-200-3.jpg\",\"datePublished\":\"2026-02-19T17:04:01+00:00\",\"dateModified\":\"2026-02-19T17:04:02+00:00\",\"breadcrumb\":{\"@id\":\"https:\\\/\\\/fundaciocmjgodo.cat\\\/es\\\/renuncia-de-vocal-del-patronato\\\/#breadcrumb\"},\"inLanguage\":\"es\",\"potentialAction\":[{\"@type\":\"ReadAction\",\"target\":[\"https:\\\/\\\/fundaciocmjgodo.cat\\\/es\\\/renuncia-de-vocal-del-patronato\\\/\"]}]},{\"@type\":\"ImageObject\",\"inLanguage\":\"es\",\"@id\":\"https:\\\/\\\/fundaciocmjgodo.cat\\\/es\\\/renuncia-de-vocal-del-patronato\\\/#primaryimage\",\"url\":\"https:\\\/\\\/fundaciocmjgodo.cat\\\/wp-content\\\/uploads\\\/muntaner-200-3.jpg\",\"contentUrl\":\"https:\\\/\\\/fundaciocmjgodo.cat\\\/wp-content\\\/uploads\\\/muntaner-200-3.jpg\",\"width\":800,\"height\":534},{\"@type\":\"BreadcrumbList\",\"@id\":\"https:\\\/\\\/fundaciocmjgodo.cat\\\/es\\\/renuncia-de-vocal-del-patronato\\\/#breadcrumb\",\"itemListElement\":[{\"@type\":\"ListItem\",\"position\":1,\"name\":\"Inici\",\"item\":\"https:\\\/\\\/fundaciocmjgodo.cat\\\/es\\\/inici\\\/\"},{\"@type\":\"ListItem\",\"position\":2,\"name\":\"Renuncia de vocal del Patronato\"}]},{\"@type\":\"WebSite\",\"@id\":\"https:\\\/\\\/fundaciocmjgodo.cat\\\/#website\",\"url\":\"https:\\\/\\\/fundaciocmjgodo.cat\\\/\",\"name\":\"Fundaci\u00f3 CMJ God\u00f3\",\"description\":\"\",\"publisher\":{\"@id\":\"https:\\\/\\\/fundaciocmjgodo.cat\\\/#organization\"},\"potentialAction\":[{\"@type\":\"SearchAction\",\"target\":{\"@type\":\"EntryPoint\",\"urlTemplate\":\"https:\\\/\\\/fundaciocmjgodo.cat\\\/?s={search_term_string}\"},\"query-input\":{\"@type\":\"PropertyValueSpecification\",\"valueRequired\":true,\"valueName\":\"search_term_string\"}}],\"inLanguage\":\"es\"},{\"@type\":\"Organization\",\"@id\":\"https:\\\/\\\/fundaciocmjgodo.cat\\\/#organization\",\"name\":\"Fundaci\u00f3 CMJ God\u00f3\",\"url\":\"https:\\\/\\\/fundaciocmjgodo.cat\\\/\",\"logo\":{\"@type\":\"ImageObject\",\"inLanguage\":\"es\",\"@id\":\"https:\\\/\\\/fundaciocmjgodo.cat\\\/#\\\/schema\\\/logo\\\/image\\\/\",\"url\":\"https:\\\/\\\/fundaciocmjgodo.cat\\\/wp-content\\\/uploads\\\/Logo-RGB-web.jpg\",\"contentUrl\":\"https:\\\/\\\/fundaciocmjgodo.cat\\\/wp-content\\\/uploads\\\/Logo-RGB-web.jpg\",\"width\":2000,\"height\":2000,\"caption\":\"Fundaci\u00f3 CMJ God\u00f3\"},\"image\":{\"@id\":\"https:\\\/\\\/fundaciocmjgodo.cat\\\/#\\\/schema\\\/logo\\\/image\\\/\"}},{\"@type\":\"Person\",\"@id\":\"https:\\\/\\\/fundaciocmjgodo.cat\\\/#\\\/schema\\\/person\\\/a436712fd8b5ad5a20c22a3bf126fa1c\",\"name\":\"webmaster\",\"image\":{\"@type\":\"ImageObject\",\"inLanguage\":\"es\",\"@id\":\"https:\\\/\\\/secure.gravatar.com\\\/avatar\\\/63a1786de9459c7261e65d03fa1a3121f392136c8c44233bd3fa6ad2ac086fc2?s=96&d=mm&r=g\",\"url\":\"https:\\\/\\\/secure.gravatar.com\\\/avatar\\\/63a1786de9459c7261e65d03fa1a3121f392136c8c44233bd3fa6ad2ac086fc2?s=96&d=mm&r=g\",\"contentUrl\":\"https:\\\/\\\/secure.gravatar.com\\\/avatar\\\/63a1786de9459c7261e65d03fa1a3121f392136c8c44233bd3fa6ad2ac086fc2?s=96&d=mm&r=g\",\"caption\":\"webmaster\"},\"url\":\"https:\\\/\\\/fundaciocmjgodo.cat\\\/es\\\/author\\\/webmaster\\\/\"}]}<\/script>\n<!-- \/ Yoast SEO plugin. -->","yoast_head_json":{"title":"Renuncia de vocal del Patronato - Fundaci\u00f3 CMJ God\u00f3","robots":{"index":"index","follow":"follow","max-snippet":"max-snippet:-1","max-image-preview":"max-image-preview:large","max-video-preview":"max-video-preview:-1"},"canonical":"https:\/\/fundaciocmjgodo.cat\/es\/renuncia-de-vocal-del-patronato\/","og_locale":"es_ES","og_type":"article","og_title":"Renuncia de vocal del Patronato - Fundaci\u00f3 CMJ God\u00f3","og_description":"El 22 de diciembre de 2025, el patronato de la Fundaci\u00f3n celebr\u00f3 reuni\u00f3n con la asistencia de todos sus miembros. El presidente inform\u00f3 de la renuncia de la Sra. Mar\u00eda Julia Prats Moreno al cargo de vocal. La decisi\u00f3n responde a motivos estrictamente profesionales que implican su traslado de residencia al extranjero. Esta circunstancia le [&hellip;]","og_url":"https:\/\/fundaciocmjgodo.cat\/es\/renuncia-de-vocal-del-patronato\/","og_site_name":"Fundaci\u00f3 CMJ God\u00f3","article_published_time":"2026-02-19T17:04:01+00:00","article_modified_time":"2026-02-19T17:04:02+00:00","og_image":[{"width":800,"height":534,"url":"https:\/\/fundaciocmjgodo.cat\/wp-content\/uploads\/muntaner-200-3.jpg","type":"image\/jpeg"}],"author":"webmaster","twitter_card":"summary_large_image","twitter_misc":{"Escrito por":"webmaster","Tiempo de lectura":"1 minuto"},"schema":{"@context":"https:\/\/schema.org","@graph":[{"@type":"Article","@id":"https:\/\/fundaciocmjgodo.cat\/es\/renuncia-de-vocal-del-patronato\/#article","isPartOf":{"@id":"https:\/\/fundaciocmjgodo.cat\/es\/renuncia-de-vocal-del-patronato\/"},"author":{"name":"webmaster","@id":"https:\/\/fundaciocmjgodo.cat\/#\/schema\/person\/a436712fd8b5ad5a20c22a3bf126fa1c"},"headline":"Renuncia de vocal del Patronato","datePublished":"2026-02-19T17:04:01+00:00","dateModified":"2026-02-19T17:04:02+00:00","mainEntityOfPage":{"@id":"https:\/\/fundaciocmjgodo.cat\/es\/renuncia-de-vocal-del-patronato\/"},"wordCount":138,"commentCount":0,"publisher":{"@id":"https:\/\/fundaciocmjgodo.cat\/#organization"},"image":{"@id":"https:\/\/fundaciocmjgodo.cat\/es\/renuncia-de-vocal-del-patronato\/#primaryimage"},"thumbnailUrl":"https:\/\/fundaciocmjgodo.cat\/wp-content\/uploads\/muntaner-200-3.jpg","articleSection":["Sin categorizar"],"inLanguage":"es","potentialAction":[{"@type":"CommentAction","name":"Comment","target":["https:\/\/fundaciocmjgodo.cat\/es\/renuncia-de-vocal-del-patronato\/#respond"]}]},{"@type":"WebPage","@id":"https:\/\/fundaciocmjgodo.cat\/es\/renuncia-de-vocal-del-patronato\/","url":"https:\/\/fundaciocmjgodo.cat\/es\/renuncia-de-vocal-del-patronato\/","name":"Renuncia de vocal del Patronato - Fundaci\u00f3 CMJ God\u00f3","isPartOf":{"@id":"https:\/\/fundaciocmjgodo.cat\/#website"},"primaryImageOfPage":{"@id":"https:\/\/fundaciocmjgodo.cat\/es\/renuncia-de-vocal-del-patronato\/#primaryimage"},"image":{"@id":"https:\/\/fundaciocmjgodo.cat\/es\/renuncia-de-vocal-del-patronato\/#primaryimage"},"thumbnailUrl":"https:\/\/fundaciocmjgodo.cat\/wp-content\/uploads\/muntaner-200-3.jpg","datePublished":"2026-02-19T17:04:01+00:00","dateModified":"2026-02-19T17:04:02+00:00","breadcrumb":{"@id":"https:\/\/fundaciocmjgodo.cat\/es\/renuncia-de-vocal-del-patronato\/#breadcrumb"},"inLanguage":"es","potentialAction":[{"@type":"ReadAction","target":["https:\/\/fundaciocmjgodo.cat\/es\/renuncia-de-vocal-del-patronato\/"]}]},{"@type":"ImageObject","inLanguage":"es","@id":"https:\/\/fundaciocmjgodo.cat\/es\/renuncia-de-vocal-del-patronato\/#primaryimage","url":"https:\/\/fundaciocmjgodo.cat\/wp-content\/uploads\/muntaner-200-3.jpg","contentUrl":"https:\/\/fundaciocmjgodo.cat\/wp-content\/uploads\/muntaner-200-3.jpg","width":800,"height":534},{"@type":"BreadcrumbList","@id":"https:\/\/fundaciocmjgodo.cat\/es\/renuncia-de-vocal-del-patronato\/#breadcrumb","itemListElement":[{"@type":"ListItem","position":1,"name":"Inici","item":"https:\/\/fundaciocmjgodo.cat\/es\/inici\/"},{"@type":"ListItem","position":2,"name":"Renuncia de vocal del Patronato"}]},{"@type":"WebSite","@id":"https:\/\/fundaciocmjgodo.cat\/#website","url":"https:\/\/fundaciocmjgodo.cat\/","name":"Fundaci\u00f3 CMJ God\u00f3","description":"","publisher":{"@id":"https:\/\/fundaciocmjgodo.cat\/#organization"},"potentialAction":[{"@type":"SearchAction","target":{"@type":"EntryPoint","urlTemplate":"https:\/\/fundaciocmjgodo.cat\/?s={search_term_string}"},"query-input":{"@type":"PropertyValueSpecification","valueRequired":true,"valueName":"search_term_string"}}],"inLanguage":"es"},{"@type":"Organization","@id":"https:\/\/fundaciocmjgodo.cat\/#organization","name":"Fundaci\u00f3 CMJ God\u00f3","url":"https:\/\/fundaciocmjgodo.cat\/","logo":{"@type":"ImageObject","inLanguage":"es","@id":"https:\/\/fundaciocmjgodo.cat\/#\/schema\/logo\/image\/","url":"https:\/\/fundaciocmjgodo.cat\/wp-content\/uploads\/Logo-RGB-web.jpg","contentUrl":"https:\/\/fundaciocmjgodo.cat\/wp-content\/uploads\/Logo-RGB-web.jpg","width":2000,"height":2000,"caption":"Fundaci\u00f3 CMJ God\u00f3"},"image":{"@id":"https:\/\/fundaciocmjgodo.cat\/#\/schema\/logo\/image\/"}},{"@type":"Person","@id":"https:\/\/fundaciocmjgodo.cat\/#\/schema\/person\/a436712fd8b5ad5a20c22a3bf126fa1c","name":"webmaster","image":{"@type":"ImageObject","inLanguage":"es","@id":"https:\/\/secure.gravatar.com\/avatar\/63a1786de9459c7261e65d03fa1a3121f392136c8c44233bd3fa6ad2ac086fc2?s=96&d=mm&r=g","url":"https:\/\/secure.gravatar.com\/avatar\/63a1786de9459c7261e65d03fa1a3121f392136c8c44233bd3fa6ad2ac086fc2?s=96&d=mm&r=g","contentUrl":"https:\/\/secure.gravatar.com\/avatar\/63a1786de9459c7261e65d03fa1a3121f392136c8c44233bd3fa6ad2ac086fc2?s=96&d=mm&r=g","caption":"webmaster"},"url":"https:\/\/fundaciocmjgodo.cat\/es\/author\/webmaster\/"}]}},"_links":{"self":[{"href":"https:\/\/fundaciocmjgodo.cat\/es\/wp-json\/wp\/v2\/posts\/6043","targetHints":{"allow":["GET"]}}],"collection":[{"href":"https:\/\/fundaciocmjgodo.cat\/es\/wp-json\/wp\/v2\/posts"}],"about":[{"href":"https:\/\/fundaciocmjgodo.cat\/es\/wp-json\/wp\/v2\/types\/post"}],"author":[{"embeddable":true,"href":"https:\/\/fundaciocmjgodo.cat\/es\/wp-json\/wp\/v2\/users\/4"}],"replies":[{"embeddable":true,"href":"https:\/\/fundaciocmjgodo.cat\/es\/wp-json\/wp\/v2\/comments?post=6043"}],"version-history":[{"count":1,"href":"https:\/\/fundaciocmjgodo.cat\/es\/wp-json\/wp\/v2\/posts\/6043\/revisions"}],"predecessor-version":[{"id":6045,"href":"https:\/\/fundaciocmjgodo.cat\/es\/wp-json\/wp\/v2\/posts\/6043\/revisions\/6045"}],"wp:featuredmedia":[{"embeddable":true,"href":"https:\/\/fundaciocmjgodo.cat\/es\/wp-json\/wp\/v2\/media\/6044"}],"wp:attachment":[{"href":"https:\/\/fundaciocmjgodo.cat\/es\/wp-json\/wp\/v2\/media?parent=6043"}],"wp:term":[{"taxonomy":"category","embeddable":true,"href":"https:\/\/fundaciocmjgodo.cat\/es\/wp-json\/wp\/v2\/categories?post=6043"},{"taxonomy":"post_tag","embeddable":true,"href":"https:\/\/fundaciocmjgodo.cat\/es\/wp-json\/wp\/v2\/tags?post=6043"}],"curies":[{"name":"wp","href":"https:\/\/api.w.org\/{rel}","templated":true}]}}